{"id":928,"date":"2021-11-02T08:38:01","date_gmt":"2021-11-02T07:38:01","guid":{"rendered":"https:\/\/websites.fraunhofer.de\/v-elektronik\/?p=928"},"modified":"2021-11-02T08:38:03","modified_gmt":"2021-11-02T07:38:03","slug":"risc-v-prozessor-core-fuer-funktionale-sicherheit","status":"publish","type":"post","link":"https:\/\/www.velektronik.de\/en\/risc-v-prozessor-core-fuer-funktionale-sicherheit\/","title":{"rendered":"RISC-V Prozessor Core for Functional Safety"},"content":{"rendered":"<p>RISC-V is an open instruction set architecture (ISA) based on the design principle Reduced Instruction Set Computer (RISC). The greatest strengths of the architecture are the modularity of the standard instruction set extensions and along with the possibility of developing very application-specific, high-performance and energy-efficient processors. The Fraunhofer IPMS whitepaper deals with the general basics of the RISC-V architecture and its modularity. Then the special challenges of developing security-critical embedded systems are discussed. Finally, a demo implementation is presented.<\/p>\n\n\n\n<p>Click here for <a href=\"https:\/\/www.ipms.fraunhofer.de\/en\/press-media\/whitepaper-download\/Whitepaper-7-RISCV-IP-Core.html\" target=\"_blank\" rel=\"noreferrer noopener\">the whitepaper!<\/a><\/p>","protected":false},"excerpt":{"rendered":"<p>RISC-V is an open instruction set architecture (ISA) based on the Reduced Instruction Set Computer (RISC) design principle. The greatest strengths of the architecture lie in the modularity of the standard instruction set extensions and the associated possibility of developing very application-specific, high-performance and energy-efficient processors....<\/p>","protected":false},"author":1,"featured_media":0,"comment_status":"closed","ping_status":"closed","sticky":false,"template":"","format":"standard","meta":{"_acf_changed":false,"footnotes":""},"categories":[31],"tags":[],"class_list":["post-928","post","type-post","status-publish","format-standard","hentry","category-community"],"acf":[],"yoast_head":"<!-- This site is optimized with the Yoast SEO plugin v27.5 - https:\/\/yoast.com\/product\/yoast-seo-wordpress\/ -->\n<title>RISC-V Prozessor Core f\u00fcr funktionale Sicherheit - Velektronik<\/title>\n<meta name=\"robots\" content=\"index, follow, max-snippet:-1, max-image-preview:large, max-video-preview:-1\" \/>\n<link rel=\"canonical\" href=\"https:\/\/www.velektronik.de\/en\/risc-v-prozessor-core-fuer-funktionale-sicherheit\/\" \/>\n<meta property=\"og:locale\" content=\"en_GB\" \/>\n<meta property=\"og:type\" content=\"article\" \/>\n<meta property=\"og:title\" content=\"RISC-V Prozessor Core f\u00fcr funktionale Sicherheit - Velektronik\" \/>\n<meta property=\"og:description\" content=\"RISC-V ist eine offene Befehlssatzarchitektur (ISA), die auf dem Designprinzip Reduced Instruction Set Computer (RISC) beruht. Die gr\u00f6\u00dften St\u00e4rken der Architektur liegen in der Modularit\u00e4t der Standard-Befehlsatzerweiterungen und der damit einhergenden M\u00f6glichkeit sehr anwendungsspezifische, performante und energieeffizienten Prozessoren entwickeln zu...\" \/>\n<meta property=\"og:url\" content=\"https:\/\/www.velektronik.de\/en\/risc-v-prozessor-core-fuer-funktionale-sicherheit\/\" \/>\n<meta property=\"og:site_name\" content=\"Velektronik\" \/>\n<meta property=\"article:published_time\" content=\"2021-11-02T07:38:01+00:00\" \/>\n<meta property=\"article:modified_time\" content=\"2021-11-02T07:38:03+00:00\" \/>\n<meta name=\"author\" content=\"joerg.stephan@mikroelektronik.fraunhofer.de\" \/>\n<meta name=\"twitter:card\" content=\"summary_large_image\" \/>\n<meta name=\"twitter:label1\" content=\"Written by\" \/>\n\t<meta name=\"twitter:data1\" content=\"joerg.stephan@mikroelektronik.fraunhofer.de\" \/>\n<script type=\"application\/ld+json\" class=\"yoast-schema-graph\">{\"@context\":\"https:\\\/\\\/schema.org\",\"@graph\":[{\"@type\":\"Article\",\"@id\":\"https:\\\/\\\/www.velektronik.de\\\/en\\\/risc-v-prozessor-core-fuer-funktionale-sicherheit\\\/#article\",\"isPartOf\":{\"@id\":\"https:\\\/\\\/www.velektronik.de\\\/en\\\/risc-v-prozessor-core-fuer-funktionale-sicherheit\\\/\"},\"author\":{\"name\":\"joerg.stephan@mikroelektronik.fraunhofer.de\",\"@id\":\"https:\\\/\\\/www.velektronik.de\\\/#\\\/schema\\\/person\\\/4e5cbc6c0d8e7aec4759a1f218902d78\"},\"headline\":\"RISC-V Prozessor Core f\u00fcr funktionale Sicherheit\",\"datePublished\":\"2021-11-02T07:38:01+00:00\",\"dateModified\":\"2021-11-02T07:38:03+00:00\",\"mainEntityOfPage\":{\"@id\":\"https:\\\/\\\/www.velektronik.de\\\/en\\\/risc-v-prozessor-core-fuer-funktionale-sicherheit\\\/\"},\"wordCount\":99,\"publisher\":{\"@id\":\"https:\\\/\\\/www.velektronik.de\\\/#organization\"},\"articleSection\":[\"Aktuelles aus der Community\"],\"inLanguage\":\"en-GB\"},{\"@type\":\"WebPage\",\"@id\":\"https:\\\/\\\/www.velektronik.de\\\/en\\\/risc-v-prozessor-core-fuer-funktionale-sicherheit\\\/\",\"url\":\"https:\\\/\\\/www.velektronik.de\\\/en\\\/risc-v-prozessor-core-fuer-funktionale-sicherheit\\\/\",\"name\":\"RISC-V Prozessor Core f\u00fcr funktionale Sicherheit - Velektronik\",\"isPartOf\":{\"@id\":\"https:\\\/\\\/www.velektronik.de\\\/#website\"},\"datePublished\":\"2021-11-02T07:38:01+00:00\",\"dateModified\":\"2021-11-02T07:38:03+00:00\",\"breadcrumb\":{\"@id\":\"https:\\\/\\\/www.velektronik.de\\\/en\\\/risc-v-prozessor-core-fuer-funktionale-sicherheit\\\/#breadcrumb\"},\"inLanguage\":\"en-GB\",\"potentialAction\":[{\"@type\":\"ReadAction\",\"target\":[\"https:\\\/\\\/www.velektronik.de\\\/en\\\/risc-v-prozessor-core-fuer-funktionale-sicherheit\\\/\"]}]},{\"@type\":\"BreadcrumbList\",\"@id\":\"https:\\\/\\\/www.velektronik.de\\\/en\\\/risc-v-prozessor-core-fuer-funktionale-sicherheit\\\/#breadcrumb\",\"itemListElement\":[{\"@type\":\"ListItem\",\"position\":1,\"name\":\"Startseite\",\"item\":\"https:\\\/\\\/www.velektronik.de\\\/\"},{\"@type\":\"ListItem\",\"position\":2,\"name\":\"RISC-V Prozessor Core f\u00fcr funktionale Sicherheit\"}]},{\"@type\":\"WebSite\",\"@id\":\"https:\\\/\\\/www.velektronik.de\\\/#website\",\"url\":\"https:\\\/\\\/www.velektronik.de\\\/\",\"name\":\"Velektronik\",\"description\":\"Vertrauensw\u00fcrdige Elektronik\",\"publisher\":{\"@id\":\"https:\\\/\\\/www.velektronik.de\\\/#organization\"},\"potentialAction\":[{\"@type\":\"SearchAction\",\"target\":{\"@type\":\"EntryPoint\",\"urlTemplate\":\"https:\\\/\\\/www.velektronik.de\\\/?s={search_term_string}\"},\"query-input\":{\"@type\":\"PropertyValueSpecification\",\"valueRequired\":true,\"valueName\":\"search_term_string\"}}],\"inLanguage\":\"en-GB\"},{\"@type\":\"Organization\",\"@id\":\"https:\\\/\\\/www.velektronik.de\\\/#organization\",\"name\":\"Velektronik\",\"url\":\"https:\\\/\\\/www.velektronik.de\\\/\",\"logo\":{\"@type\":\"ImageObject\",\"inLanguage\":\"en-GB\",\"@id\":\"https:\\\/\\\/www.velektronik.de\\\/#\\\/schema\\\/logo\\\/image\\\/\",\"url\":\"https:\\\/\\\/www.velektronik.de\\\/wp-content\\\/uploads\\\/2021\\\/03\\\/velektronik_logo_rgb.png\",\"contentUrl\":\"https:\\\/\\\/www.velektronik.de\\\/wp-content\\\/uploads\\\/2021\\\/03\\\/velektronik_logo_rgb.png\",\"width\":1000,\"height\":284,\"caption\":\"Velektronik\"},\"image\":{\"@id\":\"https:\\\/\\\/www.velektronik.de\\\/#\\\/schema\\\/logo\\\/image\\\/\"}},{\"@type\":\"Person\",\"@id\":\"https:\\\/\\\/www.velektronik.de\\\/#\\\/schema\\\/person\\\/4e5cbc6c0d8e7aec4759a1f218902d78\",\"name\":\"joerg.stephan@mikroelektronik.fraunhofer.de\",\"image\":{\"@type\":\"ImageObject\",\"inLanguage\":\"en-GB\",\"@id\":\"https:\\\/\\\/secure.gravatar.com\\\/avatar\\\/d2fa4698f3ef2c61b6dd4e2ffe5699cf711f91f0f1f35334b6495d50acb52a43?s=96&d=wavatar&r=g\",\"url\":\"https:\\\/\\\/secure.gravatar.com\\\/avatar\\\/d2fa4698f3ef2c61b6dd4e2ffe5699cf711f91f0f1f35334b6495d50acb52a43?s=96&d=wavatar&r=g\",\"contentUrl\":\"https:\\\/\\\/secure.gravatar.com\\\/avatar\\\/d2fa4698f3ef2c61b6dd4e2ffe5699cf711f91f0f1f35334b6495d50acb52a43?s=96&d=wavatar&r=g\",\"caption\":\"joerg.stephan@mikroelektronik.fraunhofer.de\"},\"sameAs\":[\"https:\\\/\\\/www.velektronik.de\"],\"url\":\"https:\\\/\\\/www.velektronik.de\\\/en\\\/author\\\/joerg-stephanmikroelektronik-fraunhofer-de\\\/\"}]}<\/script>\n<!-- \/ Yoast SEO plugin. -->","yoast_head_json":{"title":"RISC-V Prozessor Core f\u00fcr funktionale Sicherheit - Velektronik","robots":{"index":"index","follow":"follow","max-snippet":"max-snippet:-1","max-image-preview":"max-image-preview:large","max-video-preview":"max-video-preview:-1"},"canonical":"https:\/\/www.velektronik.de\/en\/risc-v-prozessor-core-fuer-funktionale-sicherheit\/","og_locale":"en_GB","og_type":"article","og_title":"RISC-V Prozessor Core f\u00fcr funktionale Sicherheit - Velektronik","og_description":"RISC-V ist eine offene Befehlssatzarchitektur (ISA), die auf dem Designprinzip Reduced Instruction Set Computer (RISC) beruht. Die gr\u00f6\u00dften St\u00e4rken der Architektur liegen in der Modularit\u00e4t der Standard-Befehlsatzerweiterungen und der damit einhergenden M\u00f6glichkeit sehr anwendungsspezifische, performante und energieeffizienten Prozessoren entwickeln zu...","og_url":"https:\/\/www.velektronik.de\/en\/risc-v-prozessor-core-fuer-funktionale-sicherheit\/","og_site_name":"Velektronik","article_published_time":"2021-11-02T07:38:01+00:00","article_modified_time":"2021-11-02T07:38:03+00:00","author":"joerg.stephan@mikroelektronik.fraunhofer.de","twitter_card":"summary_large_image","twitter_misc":{"Written by":"joerg.stephan@mikroelektronik.fraunhofer.de"},"schema":{"@context":"https:\/\/schema.org","@graph":[{"@type":"Article","@id":"https:\/\/www.velektronik.de\/en\/risc-v-prozessor-core-fuer-funktionale-sicherheit\/#article","isPartOf":{"@id":"https:\/\/www.velektronik.de\/en\/risc-v-prozessor-core-fuer-funktionale-sicherheit\/"},"author":{"name":"joerg.stephan@mikroelektronik.fraunhofer.de","@id":"https:\/\/www.velektronik.de\/#\/schema\/person\/4e5cbc6c0d8e7aec4759a1f218902d78"},"headline":"RISC-V Prozessor Core f\u00fcr funktionale Sicherheit","datePublished":"2021-11-02T07:38:01+00:00","dateModified":"2021-11-02T07:38:03+00:00","mainEntityOfPage":{"@id":"https:\/\/www.velektronik.de\/en\/risc-v-prozessor-core-fuer-funktionale-sicherheit\/"},"wordCount":99,"publisher":{"@id":"https:\/\/www.velektronik.de\/#organization"},"articleSection":["Aktuelles aus der Community"],"inLanguage":"en-GB"},{"@type":"WebPage","@id":"https:\/\/www.velektronik.de\/en\/risc-v-prozessor-core-fuer-funktionale-sicherheit\/","url":"https:\/\/www.velektronik.de\/en\/risc-v-prozessor-core-fuer-funktionale-sicherheit\/","name":"RISC-V Prozessor Core f\u00fcr funktionale Sicherheit - Velektronik","isPartOf":{"@id":"https:\/\/www.velektronik.de\/#website"},"datePublished":"2021-11-02T07:38:01+00:00","dateModified":"2021-11-02T07:38:03+00:00","breadcrumb":{"@id":"https:\/\/www.velektronik.de\/en\/risc-v-prozessor-core-fuer-funktionale-sicherheit\/#breadcrumb"},"inLanguage":"en-GB","potentialAction":[{"@type":"ReadAction","target":["https:\/\/www.velektronik.de\/en\/risc-v-prozessor-core-fuer-funktionale-sicherheit\/"]}]},{"@type":"BreadcrumbList","@id":"https:\/\/www.velektronik.de\/en\/risc-v-prozessor-core-fuer-funktionale-sicherheit\/#breadcrumb","itemListElement":[{"@type":"ListItem","position":1,"name":"Startseite","item":"https:\/\/www.velektronik.de\/"},{"@type":"ListItem","position":2,"name":"RISC-V Prozessor Core f\u00fcr funktionale Sicherheit"}]},{"@type":"WebSite","@id":"https:\/\/www.velektronik.de\/#website","url":"https:\/\/www.velektronik.de\/","name":"Velektronik","description":"Trusted Electronics","publisher":{"@id":"https:\/\/www.velektronik.de\/#organization"},"potentialAction":[{"@type":"SearchAction","target":{"@type":"EntryPoint","urlTemplate":"https:\/\/www.velektronik.de\/?s={search_term_string}"},"query-input":{"@type":"PropertyValueSpecification","valueRequired":true,"valueName":"search_term_string"}}],"inLanguage":"en-GB"},{"@type":"Organization","@id":"https:\/\/www.velektronik.de\/#organization","name":"Velektronik","url":"https:\/\/www.velektronik.de\/","logo":{"@type":"ImageObject","inLanguage":"en-GB","@id":"https:\/\/www.velektronik.de\/#\/schema\/logo\/image\/","url":"https:\/\/www.velektronik.de\/wp-content\/uploads\/2021\/03\/velektronik_logo_rgb.png","contentUrl":"https:\/\/www.velektronik.de\/wp-content\/uploads\/2021\/03\/velektronik_logo_rgb.png","width":1000,"height":284,"caption":"Velektronik"},"image":{"@id":"https:\/\/www.velektronik.de\/#\/schema\/logo\/image\/"}},{"@type":"Person","@id":"https:\/\/www.velektronik.de\/#\/schema\/person\/4e5cbc6c0d8e7aec4759a1f218902d78","name":"joerg.stephan@mikroelektronik.fraunhofer.de","image":{"@type":"ImageObject","inLanguage":"en-GB","@id":"https:\/\/secure.gravatar.com\/avatar\/d2fa4698f3ef2c61b6dd4e2ffe5699cf711f91f0f1f35334b6495d50acb52a43?s=96&d=wavatar&r=g","url":"https:\/\/secure.gravatar.com\/avatar\/d2fa4698f3ef2c61b6dd4e2ffe5699cf711f91f0f1f35334b6495d50acb52a43?s=96&d=wavatar&r=g","contentUrl":"https:\/\/secure.gravatar.com\/avatar\/d2fa4698f3ef2c61b6dd4e2ffe5699cf711f91f0f1f35334b6495d50acb52a43?s=96&d=wavatar&r=g","caption":"joerg.stephan@mikroelektronik.fraunhofer.de"},"sameAs":["https:\/\/www.velektronik.de"],"url":"https:\/\/www.velektronik.de\/en\/author\/joerg-stephanmikroelektronik-fraunhofer-de\/"}]}},"_links":{"self":[{"href":"https:\/\/www.velektronik.de\/en\/wp-json\/wp\/v2\/posts\/928","targetHints":{"allow":["GET"]}}],"collection":[{"href":"https:\/\/www.velektronik.de\/en\/wp-json\/wp\/v2\/posts"}],"about":[{"href":"https:\/\/www.velektronik.de\/en\/wp-json\/wp\/v2\/types\/post"}],"author":[{"embeddable":true,"href":"https:\/\/www.velektronik.de\/en\/wp-json\/wp\/v2\/users\/1"}],"replies":[{"embeddable":true,"href":"https:\/\/www.velektronik.de\/en\/wp-json\/wp\/v2\/comments?post=928"}],"version-history":[{"count":0,"href":"https:\/\/www.velektronik.de\/en\/wp-json\/wp\/v2\/posts\/928\/revisions"}],"wp:attachment":[{"href":"https:\/\/www.velektronik.de\/en\/wp-json\/wp\/v2\/media?parent=928"}],"wp:term":[{"taxonomy":"category","embeddable":true,"href":"https:\/\/www.velektronik.de\/en\/wp-json\/wp\/v2\/categories?post=928"},{"taxonomy":"post_tag","embeddable":true,"href":"https:\/\/www.velektronik.de\/en\/wp-json\/wp\/v2\/tags?post=928"}],"curies":[{"name":"wp","href":"https:\/\/api.w.org\/{rel}","templated":true}]}}